{"id":1180,"date":"2019-02-22T16:06:45","date_gmt":"2019-02-22T16:06:45","guid":{"rendered":"https:\/\/m5.ca\/?p=1180"},"modified":"2022-05-24T16:09:26","modified_gmt":"2022-05-24T16:09:26","slug":"m5-confie-des-postes-de-vice-presidence-a-deux-membres-de-son-equipe","status":"publish","type":"post","link":"https:\/\/m5.ca\/fr\/m5-confie-des-postes-de-vice-presidence-a-deux-membres-de-son-equipe\/","title":{"rendered":"m5 confie des postes de vice-pr\u00e9sidence \u00e0 deux membres de son \u00e9quipe"},"content":{"rendered":"<p class=\"p1\"><span class=\"s1\">m5 a r\u00e9cemment annonc\u00e9 des ajouts \u00e0 l\u2019\u00e9quipe de direction de l\u2019entreprise. Dans la nouvelle structure, Jennifer Kenny (Nouveau-Brunswick) et Jon Duke (Terre-Neuve) acc\u00e8dent \u00e0 la vicepr\u00e9sidence. Ces deux personnes occupaient des postes de haut niveau chez m5 avant leurs r\u00e9centes promotions.<\/span><\/p>\n<p class=\"p1\"><span class=\"s1\">\u00ab\u00a0Nous sommes on ne peut plus heureux d\u2019annoncer la promotion de deux employ\u00e9s qui ont jou\u00e9 un r\u00f4le important dans la croissance et le succ\u00e8s de m5 au fil des ann\u00e9es, et ce, tout en entretenant des relations client de grande qualit\u00e9\u00a0\u00bb, indique Heather Dalton, partenaire chez m5.<\/span><\/p>\n<p class=\"p1\"><span class=\"s1\">Jennifer Kenny passe du poste de directrice de compte principale \u00e0 celui de vice-pr\u00e9sidente du service aux clients dans le bureau de Moncton de m5. Jon Duke, qui \u00e9tait pr\u00e9c\u00e9demment directeur principal du marketing int\u00e9gr\u00e9, est maintenant vice-pr\u00e9sident du marketing et de l\u2019innovation.<br \/>\n<\/span><\/p>\n<p><img loading=\"lazy\" decoding=\"async\" class=\"alignleft size-medium wp-image-519\" src=\"https:\/\/m5.ca\/wp-content\/uploads\/2021\/08\/JK-website-1-300x300.jpeg\" alt=\"\" width=\"300\" height=\"300\" srcset=\"https:\/\/m5.ca\/wp-content\/uploads\/2021\/08\/JK-website-1-300x300.jpeg 300w, https:\/\/m5.ca\/wp-content\/uploads\/2021\/08\/JK-website-1-150x150.jpeg 150w, https:\/\/m5.ca\/wp-content\/uploads\/2021\/08\/JK-website-1-50x50.jpeg 50w, https:\/\/m5.ca\/wp-content\/uploads\/2021\/08\/JK-website-1-370x370.jpeg 370w, https:\/\/m5.ca\/wp-content\/uploads\/2021\/08\/JK-website-1.jpeg 496w\" sizes=\"auto, (max-width: 300px) 100vw, 300px\" \/><img loading=\"lazy\" decoding=\"async\" class=\"alignleft size-medium wp-image-386\" src=\"https:\/\/m5.ca\/wp-content\/uploads\/2021\/04\/jon-duke1-300x300.jpg\" alt=\"\" width=\"300\" height=\"300\" srcset=\"https:\/\/m5.ca\/wp-content\/uploads\/2021\/04\/jon-duke1-300x300.jpg 300w, https:\/\/m5.ca\/wp-content\/uploads\/2021\/04\/jon-duke1-150x150.jpg 150w, https:\/\/m5.ca\/wp-content\/uploads\/2021\/04\/jon-duke1-50x50.jpg 50w, https:\/\/m5.ca\/wp-content\/uploads\/2021\/04\/jon-duke1-370x370.jpg 370w, https:\/\/m5.ca\/wp-content\/uploads\/2021\/04\/jon-duke1.jpg 381w\" sizes=\"auto, (max-width: 300px) 100vw, 300px\" \/><\/p>\n<p class=\"p1\"><span class=\"s1\">Jennifer Kenny, qui d\u00e9tient le titre de professionnelle agr\u00e9\u00e9 en communications et publicit\u00e9 (CAAP), s\u2019est jointe \u00e0 l\u2019agence en 2013 apr\u00e8s avoir travaill\u00e9 chez ALC, les Fermes Cavendish et SGCI Communications. Au cours des six derni\u00e8res ann\u00e9es, elle a pilot\u00e9 de nombreux dossiers, dont ceux d\u2019\u00c9nergie NB, de General Motors et de Tourisme Nouveau-Brunswick, en plus d\u2019\u00eatre responsable d\u2019un grand nombre de comptes gouvernementaux et r\u00e9gionaux. Elle a d\u00e9montr\u00e9 sa capacit\u00e9 de jongler avec de nombreuses responsabilit\u00e9s tout en maintenant des relations productives et en veillant au bien-\u00eatre de ses \u00e9quipes.<\/span><\/p>\n<p class=\"p1\"><span class=\"s1\">Jon Duke travaille chez m5 depuis 12 ans et, pendant cette p\u00e9riode, il a occup\u00e9 divers postes dans les secteurs des services aux clients, de l\u2019innovation et de la strat\u00e9gie. Jon est devenu une voix digne de confiance pour beaucoup des clients de m5 et un chef de file au sein de l\u2019organisation. Avant son poste le plus r\u00e9cent, M.\u00a0Duke a dirig\u00e9 une des unit\u00e9s fonctionnelles de m5. Il partagera maintenant son temps entre la planification avec des clients et le positionnement de m5 sur le march\u00e9 et dans le secteur de l\u2019innovation.<\/span><\/p>\n<p class=\"p1\"><span class=\"s1\">\u00ab\u00a0Nous avons la certitude que Jennifer et Jon continueront d\u2019\u00eatre \u00e0 la hauteur de la situation et qu\u2019ils excelleront dans leurs nouvelles fonctions. Ils ont aff\u00fbt\u00e9 leurs comp\u00e9tences au fil des ans et ils sont des atouts importants pour notre organisation\u00a0\u00bb, souligne Rick Rouah, partenaire chez m5.<\/span><\/p>\n<p class=\"p1\"><span class=\"s1\">Il s\u2019agit du plus r\u00e9cent remaniement chez m5 Marketing Communications apr\u00e8s le rachat de l\u2019entreprise par les cadres en 2018. Les partenaires comprennent maintenant Susan Clarke, Heather Dalton, Chris MacInnes, Carolyn O\u2019Keefe et Rick Rouah. m5 est le plus important cabinet de marketing et de communications au Canada atlantique et poss\u00e8de des bureaux aux quatre coins de la r\u00e9gion de m\u00eame qu\u2019au New Hampshire.<\/span><\/p>\n","protected":false},"excerpt":{"rendered":"<p>m5 a r\u00e9cemment annonc\u00e9 des ajouts \u00e0 l\u2019\u00e9quipe de direction de l\u2019entreprise. Dans la nouvelle structure, Jennifer Kenny (Nouveau-Brunswick) et Jon Duke (Terre-Neuve) acc\u00e8dent \u00e0 la vicepr\u00e9sidence. Ces deux personnes occupaient des postes de haut niveau chez m5 avant leurs r\u00e9centes promotions. \u00ab\u00a0Nous sommes on ne peut plus heureux d\u2019annoncer la promotion de deux employ\u00e9s [&hellip;]<\/p>\n","protected":false},"author":1,"featured_media":0,"comment_status":"closed","ping_status":"closed","sticky":false,"template":"","format":"standard","meta":{"_acf_changed":false,"inline_featured_image":false,"footnotes":""},"categories":[11,14],"tags":[],"class_list":["post-1180","post","type-post","status-publish","format-standard","hentry","category-news","category-nouvelles"],"acf":[],"yoast_head":"<!-- This site is optimized with the Yoast SEO plugin v27.5 - https:\/\/yoast.com\/product\/yoast-seo-wordpress\/ -->\n<title>m5 confie des postes de vice-pr\u00e9sidence \u00e0 deux membres de son \u00e9quipe - m5 Marketing Communications.<\/title>\n<meta name=\"robots\" content=\"index, follow, max-snippet:-1, max-image-preview:large, max-video-preview:-1\" \/>\n<link rel=\"canonical\" href=\"https:\/\/m5.ca\/fr\/m5-confie-des-postes-de-vice-presidence-a-deux-membres-de-son-equipe\/\" \/>\n<meta property=\"og:locale\" content=\"fr_FR\" \/>\n<meta property=\"og:type\" content=\"article\" \/>\n<meta property=\"og:title\" content=\"m5 confie des postes de vice-pr\u00e9sidence \u00e0 deux membres de son \u00e9quipe - m5 Marketing Communications.\" \/>\n<meta property=\"og:description\" content=\"m5 a r\u00e9cemment annonc\u00e9 des ajouts \u00e0 l\u2019\u00e9quipe de direction de l\u2019entreprise. Dans la nouvelle structure, Jennifer Kenny (Nouveau-Brunswick) et Jon Duke (Terre-Neuve) acc\u00e8dent \u00e0 la vicepr\u00e9sidence. Ces deux personnes occupaient des postes de haut niveau chez m5 avant leurs r\u00e9centes promotions. \u00ab\u00a0Nous sommes on ne peut plus heureux d\u2019annoncer la promotion de deux employ\u00e9s [&hellip;]\" \/>\n<meta property=\"og:url\" content=\"https:\/\/m5.ca\/fr\/m5-confie-des-postes-de-vice-presidence-a-deux-membres-de-son-equipe\/\" \/>\n<meta property=\"og:site_name\" content=\"m5 Marketing Communications.\" \/>\n<meta property=\"article:published_time\" content=\"2019-02-22T16:06:45+00:00\" \/>\n<meta property=\"article:modified_time\" content=\"2022-05-24T16:09:26+00:00\" \/>\n<meta property=\"og:image\" content=\"https:\/\/m5.ca\/wp-content\/uploads\/2021\/08\/JK-website-1-300x300.jpeg\" \/>\n<meta name=\"author\" content=\"mpike@m5.ca\" \/>\n<meta name=\"twitter:card\" content=\"summary_large_image\" \/>\n<meta name=\"twitter:label1\" content=\"\u00c9crit par\" \/>\n\t<meta name=\"twitter:data1\" content=\"mpike@m5.ca\" \/>\n\t<meta name=\"twitter:label2\" content=\"Dur\u00e9e de lecture estim\u00e9e\" \/>\n\t<meta name=\"twitter:data2\" content=\"3 minutes\" \/>\n<script type=\"application\/ld+json\" class=\"yoast-schema-graph\">{\"@context\":\"https:\\\/\\\/schema.org\",\"@graph\":[{\"@type\":\"Article\",\"@id\":\"https:\\\/\\\/m5.ca\\\/fr\\\/m5-confie-des-postes-de-vice-presidence-a-deux-membres-de-son-equipe\\\/#article\",\"isPartOf\":{\"@id\":\"https:\\\/\\\/m5.ca\\\/fr\\\/m5-confie-des-postes-de-vice-presidence-a-deux-membres-de-son-equipe\\\/\"},\"author\":{\"name\":\"mpike@m5.ca\",\"@id\":\"https:\\\/\\\/m5.ca\\\/fr\\\/#\\\/schema\\\/person\\\/ca85f4678d45211b7f6bedc1e1e8e716\"},\"headline\":\"m5 confie des postes de vice-pr\u00e9sidence \u00e0 deux membres de son \u00e9quipe\",\"datePublished\":\"2019-02-22T16:06:45+00:00\",\"dateModified\":\"2022-05-24T16:09:26+00:00\",\"mainEntityOfPage\":{\"@id\":\"https:\\\/\\\/m5.ca\\\/fr\\\/m5-confie-des-postes-de-vice-presidence-a-deux-membres-de-son-equipe\\\/\"},\"wordCount\":483,\"publisher\":{\"@id\":\"https:\\\/\\\/m5.ca\\\/fr\\\/#organization\"},\"image\":{\"@id\":\"https:\\\/\\\/m5.ca\\\/fr\\\/m5-confie-des-postes-de-vice-presidence-a-deux-membres-de-son-equipe\\\/#primaryimage\"},\"thumbnailUrl\":\"https:\\\/\\\/m5.ca\\\/wp-content\\\/uploads\\\/2021\\\/08\\\/JK-website-1-300x300.jpeg\",\"articleSection\":[\"News\",\"Nouvelles\"],\"inLanguage\":\"fr-FR\"},{\"@type\":\"WebPage\",\"@id\":\"https:\\\/\\\/m5.ca\\\/fr\\\/m5-confie-des-postes-de-vice-presidence-a-deux-membres-de-son-equipe\\\/\",\"url\":\"https:\\\/\\\/m5.ca\\\/fr\\\/m5-confie-des-postes-de-vice-presidence-a-deux-membres-de-son-equipe\\\/\",\"name\":\"m5 confie des postes de vice-pr\u00e9sidence \u00e0 deux membres de son \u00e9quipe - m5 Marketing Communications.\",\"isPartOf\":{\"@id\":\"https:\\\/\\\/m5.ca\\\/fr\\\/#website\"},\"primaryImageOfPage\":{\"@id\":\"https:\\\/\\\/m5.ca\\\/fr\\\/m5-confie-des-postes-de-vice-presidence-a-deux-membres-de-son-equipe\\\/#primaryimage\"},\"image\":{\"@id\":\"https:\\\/\\\/m5.ca\\\/fr\\\/m5-confie-des-postes-de-vice-presidence-a-deux-membres-de-son-equipe\\\/#primaryimage\"},\"thumbnailUrl\":\"https:\\\/\\\/m5.ca\\\/wp-content\\\/uploads\\\/2021\\\/08\\\/JK-website-1-300x300.jpeg\",\"datePublished\":\"2019-02-22T16:06:45+00:00\",\"dateModified\":\"2022-05-24T16:09:26+00:00\",\"breadcrumb\":{\"@id\":\"https:\\\/\\\/m5.ca\\\/fr\\\/m5-confie-des-postes-de-vice-presidence-a-deux-membres-de-son-equipe\\\/#breadcrumb\"},\"inLanguage\":\"fr-FR\",\"potentialAction\":[{\"@type\":\"ReadAction\",\"target\":[\"https:\\\/\\\/m5.ca\\\/fr\\\/m5-confie-des-postes-de-vice-presidence-a-deux-membres-de-son-equipe\\\/\"]}]},{\"@type\":\"ImageObject\",\"inLanguage\":\"fr-FR\",\"@id\":\"https:\\\/\\\/m5.ca\\\/fr\\\/m5-confie-des-postes-de-vice-presidence-a-deux-membres-de-son-equipe\\\/#primaryimage\",\"url\":\"https:\\\/\\\/m5.ca\\\/wp-content\\\/uploads\\\/2021\\\/08\\\/JK-website-1-300x300.jpeg\",\"contentUrl\":\"https:\\\/\\\/m5.ca\\\/wp-content\\\/uploads\\\/2021\\\/08\\\/JK-website-1-300x300.jpeg\"},{\"@type\":\"BreadcrumbList\",\"@id\":\"https:\\\/\\\/m5.ca\\\/fr\\\/m5-confie-des-postes-de-vice-presidence-a-deux-membres-de-son-equipe\\\/#breadcrumb\",\"itemListElement\":[{\"@type\":\"ListItem\",\"position\":1,\"name\":\"Home\",\"item\":\"https:\\\/\\\/m5.ca\\\/fr\\\/\"},{\"@type\":\"ListItem\",\"position\":2,\"name\":\"m5 confie des postes de vice-pr\u00e9sidence \u00e0 deux membres de son \u00e9quipe\"}]},{\"@type\":\"WebSite\",\"@id\":\"https:\\\/\\\/m5.ca\\\/fr\\\/#website\",\"url\":\"https:\\\/\\\/m5.ca\\\/fr\\\/\",\"name\":\"m5 Marketing Communications.\",\"description\":\"Ideas That Influence\",\"publisher\":{\"@id\":\"https:\\\/\\\/m5.ca\\\/fr\\\/#organization\"},\"potentialAction\":[{\"@type\":\"SearchAction\",\"target\":{\"@type\":\"EntryPoint\",\"urlTemplate\":\"https:\\\/\\\/m5.ca\\\/fr\\\/?s={search_term_string}\"},\"query-input\":{\"@type\":\"PropertyValueSpecification\",\"valueRequired\":true,\"valueName\":\"search_term_string\"}}],\"inLanguage\":\"fr-FR\"},{\"@type\":\"Organization\",\"@id\":\"https:\\\/\\\/m5.ca\\\/fr\\\/#organization\",\"name\":\"m5 Marketing Communications.\",\"url\":\"https:\\\/\\\/m5.ca\\\/fr\\\/\",\"logo\":{\"@type\":\"ImageObject\",\"inLanguage\":\"fr-FR\",\"@id\":\"https:\\\/\\\/m5.ca\\\/fr\\\/#\\\/schema\\\/logo\\\/image\\\/\",\"url\":\"https:\\\/\\\/m5.ca\\\/wp-content\\\/uploads\\\/2022\\\/10\\\/logo-1.png\",\"contentUrl\":\"https:\\\/\\\/m5.ca\\\/wp-content\\\/uploads\\\/2022\\\/10\\\/logo-1.png\",\"width\":300,\"height\":107,\"caption\":\"m5 Marketing Communications.\"},\"image\":{\"@id\":\"https:\\\/\\\/m5.ca\\\/fr\\\/#\\\/schema\\\/logo\\\/image\\\/\"}},{\"@type\":\"Person\",\"@id\":\"https:\\\/\\\/m5.ca\\\/fr\\\/#\\\/schema\\\/person\\\/ca85f4678d45211b7f6bedc1e1e8e716\",\"name\":\"mpike@m5.ca\",\"sameAs\":[\"http:m5.ca\"],\"url\":\"https:\\\/\\\/m5.ca\\\/fr\\\/author\\\/mpikem5-ca\\\/\"}]}<\/script>\n<!-- \/ Yoast SEO plugin. -->","yoast_head_json":{"title":"m5 confie des postes de vice-pr\u00e9sidence \u00e0 deux membres de son \u00e9quipe - m5 Marketing Communications.","robots":{"index":"index","follow":"follow","max-snippet":"max-snippet:-1","max-image-preview":"max-image-preview:large","max-video-preview":"max-video-preview:-1"},"canonical":"https:\/\/m5.ca\/fr\/m5-confie-des-postes-de-vice-presidence-a-deux-membres-de-son-equipe\/","og_locale":"fr_FR","og_type":"article","og_title":"m5 confie des postes de vice-pr\u00e9sidence \u00e0 deux membres de son \u00e9quipe - m5 Marketing Communications.","og_description":"m5 a r\u00e9cemment annonc\u00e9 des ajouts \u00e0 l\u2019\u00e9quipe de direction de l\u2019entreprise. Dans la nouvelle structure, Jennifer Kenny (Nouveau-Brunswick) et Jon Duke (Terre-Neuve) acc\u00e8dent \u00e0 la vicepr\u00e9sidence. Ces deux personnes occupaient des postes de haut niveau chez m5 avant leurs r\u00e9centes promotions. \u00ab\u00a0Nous sommes on ne peut plus heureux d\u2019annoncer la promotion de deux employ\u00e9s [&hellip;]","og_url":"https:\/\/m5.ca\/fr\/m5-confie-des-postes-de-vice-presidence-a-deux-membres-de-son-equipe\/","og_site_name":"m5 Marketing Communications.","article_published_time":"2019-02-22T16:06:45+00:00","article_modified_time":"2022-05-24T16:09:26+00:00","og_image":[{"url":"https:\/\/m5.ca\/wp-content\/uploads\/2021\/08\/JK-website-1-300x300.jpeg","type":"","width":"","height":""}],"author":"mpike@m5.ca","twitter_card":"summary_large_image","twitter_misc":{"\u00c9crit par":"mpike@m5.ca","Dur\u00e9e de lecture estim\u00e9e":"3 minutes"},"schema":{"@context":"https:\/\/schema.org","@graph":[{"@type":"Article","@id":"https:\/\/m5.ca\/fr\/m5-confie-des-postes-de-vice-presidence-a-deux-membres-de-son-equipe\/#article","isPartOf":{"@id":"https:\/\/m5.ca\/fr\/m5-confie-des-postes-de-vice-presidence-a-deux-membres-de-son-equipe\/"},"author":{"name":"mpike@m5.ca","@id":"https:\/\/m5.ca\/fr\/#\/schema\/person\/ca85f4678d45211b7f6bedc1e1e8e716"},"headline":"m5 confie des postes de vice-pr\u00e9sidence \u00e0 deux membres de son \u00e9quipe","datePublished":"2019-02-22T16:06:45+00:00","dateModified":"2022-05-24T16:09:26+00:00","mainEntityOfPage":{"@id":"https:\/\/m5.ca\/fr\/m5-confie-des-postes-de-vice-presidence-a-deux-membres-de-son-equipe\/"},"wordCount":483,"publisher":{"@id":"https:\/\/m5.ca\/fr\/#organization"},"image":{"@id":"https:\/\/m5.ca\/fr\/m5-confie-des-postes-de-vice-presidence-a-deux-membres-de-son-equipe\/#primaryimage"},"thumbnailUrl":"https:\/\/m5.ca\/wp-content\/uploads\/2021\/08\/JK-website-1-300x300.jpeg","articleSection":["News","Nouvelles"],"inLanguage":"fr-FR"},{"@type":"WebPage","@id":"https:\/\/m5.ca\/fr\/m5-confie-des-postes-de-vice-presidence-a-deux-membres-de-son-equipe\/","url":"https:\/\/m5.ca\/fr\/m5-confie-des-postes-de-vice-presidence-a-deux-membres-de-son-equipe\/","name":"m5 confie des postes de vice-pr\u00e9sidence \u00e0 deux membres de son \u00e9quipe - m5 Marketing Communications.","isPartOf":{"@id":"https:\/\/m5.ca\/fr\/#website"},"primaryImageOfPage":{"@id":"https:\/\/m5.ca\/fr\/m5-confie-des-postes-de-vice-presidence-a-deux-membres-de-son-equipe\/#primaryimage"},"image":{"@id":"https:\/\/m5.ca\/fr\/m5-confie-des-postes-de-vice-presidence-a-deux-membres-de-son-equipe\/#primaryimage"},"thumbnailUrl":"https:\/\/m5.ca\/wp-content\/uploads\/2021\/08\/JK-website-1-300x300.jpeg","datePublished":"2019-02-22T16:06:45+00:00","dateModified":"2022-05-24T16:09:26+00:00","breadcrumb":{"@id":"https:\/\/m5.ca\/fr\/m5-confie-des-postes-de-vice-presidence-a-deux-membres-de-son-equipe\/#breadcrumb"},"inLanguage":"fr-FR","potentialAction":[{"@type":"ReadAction","target":["https:\/\/m5.ca\/fr\/m5-confie-des-postes-de-vice-presidence-a-deux-membres-de-son-equipe\/"]}]},{"@type":"ImageObject","inLanguage":"fr-FR","@id":"https:\/\/m5.ca\/fr\/m5-confie-des-postes-de-vice-presidence-a-deux-membres-de-son-equipe\/#primaryimage","url":"https:\/\/m5.ca\/wp-content\/uploads\/2021\/08\/JK-website-1-300x300.jpeg","contentUrl":"https:\/\/m5.ca\/wp-content\/uploads\/2021\/08\/JK-website-1-300x300.jpeg"},{"@type":"BreadcrumbList","@id":"https:\/\/m5.ca\/fr\/m5-confie-des-postes-de-vice-presidence-a-deux-membres-de-son-equipe\/#breadcrumb","itemListElement":[{"@type":"ListItem","position":1,"name":"Home","item":"https:\/\/m5.ca\/fr\/"},{"@type":"ListItem","position":2,"name":"m5 confie des postes de vice-pr\u00e9sidence \u00e0 deux membres de son \u00e9quipe"}]},{"@type":"WebSite","@id":"https:\/\/m5.ca\/fr\/#website","url":"https:\/\/m5.ca\/fr\/","name":"m5 Marketing Communications.","description":"Ideas That Influence","publisher":{"@id":"https:\/\/m5.ca\/fr\/#organization"},"potentialAction":[{"@type":"SearchAction","target":{"@type":"EntryPoint","urlTemplate":"https:\/\/m5.ca\/fr\/?s={search_term_string}"},"query-input":{"@type":"PropertyValueSpecification","valueRequired":true,"valueName":"search_term_string"}}],"inLanguage":"fr-FR"},{"@type":"Organization","@id":"https:\/\/m5.ca\/fr\/#organization","name":"m5 Marketing Communications.","url":"https:\/\/m5.ca\/fr\/","logo":{"@type":"ImageObject","inLanguage":"fr-FR","@id":"https:\/\/m5.ca\/fr\/#\/schema\/logo\/image\/","url":"https:\/\/m5.ca\/wp-content\/uploads\/2022\/10\/logo-1.png","contentUrl":"https:\/\/m5.ca\/wp-content\/uploads\/2022\/10\/logo-1.png","width":300,"height":107,"caption":"m5 Marketing Communications."},"image":{"@id":"https:\/\/m5.ca\/fr\/#\/schema\/logo\/image\/"}},{"@type":"Person","@id":"https:\/\/m5.ca\/fr\/#\/schema\/person\/ca85f4678d45211b7f6bedc1e1e8e716","name":"mpike@m5.ca","sameAs":["http:m5.ca"],"url":"https:\/\/m5.ca\/fr\/author\/mpikem5-ca\/"}]}},"_links":{"self":[{"href":"https:\/\/m5.ca\/fr\/wp-json\/wp\/v2\/posts\/1180","targetHints":{"allow":["GET"]}}],"collection":[{"href":"https:\/\/m5.ca\/fr\/wp-json\/wp\/v2\/posts"}],"about":[{"href":"https:\/\/m5.ca\/fr\/wp-json\/wp\/v2\/types\/post"}],"author":[{"embeddable":true,"href":"https:\/\/m5.ca\/fr\/wp-json\/wp\/v2\/users\/1"}],"replies":[{"embeddable":true,"href":"https:\/\/m5.ca\/fr\/wp-json\/wp\/v2\/comments?post=1180"}],"version-history":[{"count":3,"href":"https:\/\/m5.ca\/fr\/wp-json\/wp\/v2\/posts\/1180\/revisions"}],"predecessor-version":[{"id":1183,"href":"https:\/\/m5.ca\/fr\/wp-json\/wp\/v2\/posts\/1180\/revisions\/1183"}],"wp:attachment":[{"href":"https:\/\/m5.ca\/fr\/wp-json\/wp\/v2\/media?parent=1180"}],"wp:term":[{"taxonomy":"category","embeddable":true,"href":"https:\/\/m5.ca\/fr\/wp-json\/wp\/v2\/categories?post=1180"},{"taxonomy":"post_tag","embeddable":true,"href":"https:\/\/m5.ca\/fr\/wp-json\/wp\/v2\/tags?post=1180"}],"curies":[{"name":"wp","href":"https:\/\/api.w.org\/{rel}","templated":true}]}}